{"id":3861,"date":"2016-07-11T17:30:30","date_gmt":"2016-07-11T15:30:30","guid":{"rendered":"http:\/\/www.dsmc.de\/?p=3861"},"modified":"2016-12-28T10:09:37","modified_gmt":"2016-12-28T08:09:37","slug":"ein-gelbes-trikot-gibt-es-auch-beim-segeln","status":"publish","type":"post","link":"https:\/\/deutsch-schweizerischer-motorboot-club.de\/dsmc-v2\/?p=3861","title":{"rendered":"Ein gelbes Trikot gibt es auch beim Segeln!"},"content":{"rendered":"<p>Nach der WM in Mexiko standen noch einige Regatten auf europ\u00e4ischen Gew\u00e4ssern an.<\/p>\n<table style=\"height: 100%\" border=\"0\" cellspacing=\"0\" cellpadding=\"3\" width=\"100%\">\n<tbody>\n<tr>\n<td><strong>Veranstaltung<\/strong><\/td>\n<td><strong>Platz<\/strong><\/td>\n<\/tr>\n<tr>\n<td>Young Europeans Sailing Kiel<\/td>\n<td>5 \/ 35<\/td>\n<\/tr>\n<tr>\n<td>Delta Lloyd\u00a0Medemblik\/NED<\/td>\n<td>14 \/ 26<\/td>\n<\/tr>\n<tr>\n<td>Weltcup Weymouth&amp;Portland\/GBR<\/td>\n<td>19 \/ 38<\/td>\n<\/tr>\n<tr>\n<td>Kieler Woche<\/td>\n<td>7 \/ 59<\/td>\n<\/tr>\n<tr>\n<td>Europacup Warnem\u00fcnde<\/td>\n<td>2 \/ 69<\/td>\n<\/tr>\n<\/tbody>\n<\/table>\n<p>Beim Weltcup in Weymouth&amp;Portland konnte ich im stark besetzten Feld mit 20 Olympiateilnehmern ein Rennen gewinnen und auch insgesamt die ein oder andere hinter mir lassen.<\/p>\n<p>Bei der Kieler Woche legte ich nach und segelte zwei Tage in Folge im gelben Trikot der gesamt F\u00fchrenden, wobei dieses Foto entstand. Am Ende wurde es Platz 7.<\/p>\n<div class=\"fusion-fullwidth fullwidth-box fusion-builder-row-1 hundred-percent-fullwidth non-hundred-percent-height-scrolling\" style=\"--awb-border-radius-top-left:0px;--awb-border-radius-top-right:0px;--awb-border-radius-bottom-right:0px;--awb-border-radius-bottom-left:0px;--awb-overflow:visible;--awb-flex-wrap:wrap;\" ><div class=\"fusion-builder-row fusion-row\"><div class=\"fusion-layout-column fusion_builder_column fusion-builder-column-0 fusion_builder_column_1_1 1_1 fusion-one-full fusion-column-first fusion-column-last fusion-column-no-min-height\" style=\"--awb-bg-size:cover;--awb-margin-bottom:0px;\"><div class=\"fusion-column-wrapper fusion-flex-column-wrapper-legacy\"><div id=\"attachment_3862\" style=\"width: 310px\" class=\"wp-caption aligncenter\"><a href=\"http:\/\/deutsch-schweizerischer-motorboot-club.de\/dsmc-v2\/wp-content\/uploads\/2016\/07\/13533229_1391209804238038_3792176357917720945_n.jpg\"><img decoding=\"async\" aria-describedby=\"caption-attachment-3862\" class=\"lazyload size-medium wp-image-3862 \" title=\"13533229_1391209804238038_3792176357917720945_n\" src=\"http:\/\/deutsch-schweizerischer-motorboot-club.de\/dsmc-v2\/wp-content\/uploads\/2016\/07\/13533229_1391209804238038_3792176357917720945_n-300x193.jpg\" data-orig-src=\"http:\/\/deutsch-schweizerischer-motorboot-club.de\/dsmc-v2\/wp-content\/uploads\/2016\/07\/13533229_1391209804238038_3792176357917720945_n-300x193.jpg\" alt=\"\" width=\"300\" height=\"193\" srcset=\"data:image\/svg+xml,%3Csvg%20xmlns%3D%27http%3A%2F%2Fwww.w3.org%2F2000%2Fsvg%27%20width%3D%27300%27%20height%3D%27193%27%20viewBox%3D%270%200%20300%20193%27%3E%3Crect%20width%3D%27300%27%20height%3D%27193%27%20fill-opacity%3D%220%22%2F%3E%3C%2Fsvg%3E\" data-srcset=\"https:\/\/deutsch-schweizerischer-motorboot-club.de\/dsmc-v2\/wp-content\/uploads\/2016\/07\/13533229_1391209804238038_3792176357917720945_n-200x129.jpg 200w, https:\/\/deutsch-schweizerischer-motorboot-club.de\/dsmc-v2\/wp-content\/uploads\/2016\/07\/13533229_1391209804238038_3792176357917720945_n-300x193.jpg 300w, https:\/\/deutsch-schweizerischer-motorboot-club.de\/dsmc-v2\/wp-content\/uploads\/2016\/07\/13533229_1391209804238038_3792176357917720945_n-400x258.jpg 400w, https:\/\/deutsch-schweizerischer-motorboot-club.de\/dsmc-v2\/wp-content\/uploads\/2016\/07\/13533229_1391209804238038_3792176357917720945_n-460x295.jpg 460w, https:\/\/deutsch-schweizerischer-motorboot-club.de\/dsmc-v2\/wp-content\/uploads\/2016\/07\/13533229_1391209804238038_3792176357917720945_n-600x386.jpg 600w, https:\/\/deutsch-schweizerischer-motorboot-club.de\/dsmc-v2\/wp-content\/uploads\/2016\/07\/13533229_1391209804238038_3792176357917720945_n-800x515.jpg 800w, https:\/\/deutsch-schweizerischer-motorboot-club.de\/dsmc-v2\/wp-content\/uploads\/2016\/07\/13533229_1391209804238038_3792176357917720945_n.jpg 960w\" data-sizes=\"auto\" data-orig-sizes=\"(max-width: 300px) 100vw, 300px\" \/><\/a><p id=\"caption-attachment-3862\" class=\"wp-caption-text\">\u00a9 ok Press<\/p><\/div>\n<p>Doch schon beim Europacup in Warnem\u00fcnde in der darauffolgenden Woche fand ich mich zwischenzeitlich wieder auf Platz 1. Diesmal schloss ich als Zweite auf dem Podium ab.<\/p>\n<p>Jetzt ist f\u00fcr mich erst mal Sommerpause, w\u00e4hrend sich der internationale Segelzirkus auf die Olympischen Spiele im August vorbereitet. Ich nutze die Zeit f\u00fcr ein Praktikum, damit es auch im Studium weiter voran geht. Flei\u00dfig weitertrainiert wird nat\u00fcrlich trotzdem, damit ich im Oktober in Wismar den Deutschen Meistertitel zur\u00fcckgewinnen\u00a0kann.<div class=\"fusion-clearfix\"><\/div><\/div><\/div><\/div><\/div>\n","protected":false},"excerpt":{"rendered":"<p>Nach der WM in Mexiko standen noch einige Regatten auf europ\u00e4ischen Gew\u00e4ssern an. Veranstaltung Platz Young Europeans Sailing Kiel 5 \/ 35 Delta Lloyd\u00a0Medemblik\/NED 14 \/ 26 Weltcup Weymouth&amp;Portland\/GBR 19 \/ 38 Kieler Woche 7 \/ 59 Europacup Warnem\u00fcnde 2 \/ 69 Beim Weltcup in Weymouth&amp;Portland konnte ich im stark besetzten Feld mit 20 Olympiateilnehmern  [&#8230;]<\/p>\n","protected":false},"author":5,"featured_media":0,"comment_status":"open","ping_status":"open","sticky":false,"template":"","format":"standard","meta":{"footnotes":""},"categories":[44],"tags":[],"class_list":["post-3861","post","type-post","status-publish","format-standard","hentry","category-pauline-liebig"],"_links":{"self":[{"href":"https:\/\/deutsch-schweizerischer-motorboot-club.de\/dsmc-v2\/index.php?rest_route=\/wp\/v2\/posts\/3861","targetHints":{"allow":["GET"]}}],"collection":[{"href":"https:\/\/deutsch-schweizerischer-motorboot-club.de\/dsmc-v2\/index.php?rest_route=\/wp\/v2\/posts"}],"about":[{"href":"https:\/\/deutsch-schweizerischer-motorboot-club.de\/dsmc-v2\/index.php?rest_route=\/wp\/v2\/types\/post"}],"author":[{"embeddable":true,"href":"https:\/\/deutsch-schweizerischer-motorboot-club.de\/dsmc-v2\/index.php?rest_route=\/wp\/v2\/users\/5"}],"replies":[{"embeddable":true,"href":"https:\/\/deutsch-schweizerischer-motorboot-club.de\/dsmc-v2\/index.php?rest_route=%2Fwp%2Fv2%2Fcomments&post=3861"}],"version-history":[{"count":2,"href":"https:\/\/deutsch-schweizerischer-motorboot-club.de\/dsmc-v2\/index.php?rest_route=\/wp\/v2\/posts\/3861\/revisions"}],"predecessor-version":[{"id":4386,"href":"https:\/\/deutsch-schweizerischer-motorboot-club.de\/dsmc-v2\/index.php?rest_route=\/wp\/v2\/posts\/3861\/revisions\/4386"}],"wp:attachment":[{"href":"https:\/\/deutsch-schweizerischer-motorboot-club.de\/dsmc-v2\/index.php?rest_route=%2Fwp%2Fv2%2Fmedia&parent=3861"}],"wp:term":[{"taxonomy":"category","embeddable":true,"href":"https:\/\/deutsch-schweizerischer-motorboot-club.de\/dsmc-v2\/index.php?rest_route=%2Fwp%2Fv2%2Fcategories&post=3861"},{"taxonomy":"post_tag","embeddable":true,"href":"https:\/\/deutsch-schweizerischer-motorboot-club.de\/dsmc-v2\/index.php?rest_route=%2Fwp%2Fv2%2Ftags&post=3861"}],"curies":[{"name":"wp","href":"https:\/\/api.w.org\/{rel}","templated":true}]}}